{"id":1974,"date":"2021-05-31T22:37:55","date_gmt":"2021-06-01T01:37:55","guid":{"rendered":"http:\/\/corporalkinesis.com.ar\/?p=1974"},"modified":"2021-05-31T22:37:57","modified_gmt":"2021-06-01T01:37:57","slug":"fatiga-muscular-y-ejercicio","status":"publish","type":"post","link":"https:\/\/corporalkinesis.com.ar\/index.php\/2021\/05\/31\/fatiga-muscular-y-ejercicio\/","title":{"rendered":"Fatiga muscular y ejercicio"},"content":{"rendered":"\n<h2 class=\"has-luminous-vivid-orange-color has-text-color wp-block-heading\">Consideraciones b\u00e1sicas sobre la fatiga perif\u00e9rica y central en el ejercicio f\u00edsico<\/h2>\n\n\n\n<p class=\"has-black-color has-text-color\"><strong>La fatiga se puede definir como la disminuci\u00f3n de la capacidad de esfuerzo o rendimiento, estresada en capacidad de trabajo<\/strong>. Por otro lado, con respecto al ejercicio, se puede definir como la disminuci\u00f3n de la capacidad para producir fuerza muscular m\u00e1xima. Sin embargo, hay que tener en cuenta que la fatiga se va instaurando de forma progresiva desde pr\u00e1cticamente el inicio del esfuerzo. En el siguiente articulo, hablaremos en detalle sobre el concepto de fatiga y sus consideraciones. <\/p>\n\n\n\n<p class=\"has-black-color has-text-color\">Al principio a\u00fan es posible mantener la intensidad del esfuerzo, no obstante, al continuar con la intensidad del ejercicio este se comienza a percibir m\u00e1s arduo y en el caso de proseguir empieza a aparecer el agotamiento. En general, durante esta fase inicial de la fatiga, la capacidad m\u00e1xima del m\u00fasculo para generar fuerza m\u00e1xima y potencia m\u00e1xima est\u00e1 disminuida, pese a que la intensidad del esfuerzo a\u00fan est\u00e9 presente.\u00a0<\/p>\n\n\n\n<p class=\"has-black-color has-text-color\">Es por este punto, que<strong> la mayoria de los autores definen a la fatiga como la disminuci\u00f3n de la capacidad para generar fuerza m\u00e1xima o potencia m\u00e1xima (Gandevia, 2001)<\/strong>. Es importante destacar que la potencia muscular es el resultado del producto de la fuerza por la velocidad de contracci\u00f3n. (1, 2)<\/p>\n\n\n\n<p class=\"has-black-color has-text-color\">La velocidad de contracci\u00f3n muscular es m\u00e1s vulnerable que la fuerza isom\u00e9trica m\u00e1xima (van Deursen y cols., 1993). Es decir, al inicio de los procesos que llevan a la fatiga se pueden dar condiciones en las que la fuerza isom\u00e9trica m\u00e1xima a\u00fan est\u00e9 conservada pero la potencia muscular m\u00e1xima est\u00e9 disminuida debido a un descenso de la velocidad de contracci\u00f3n. Por lo tanto,<strong> la fatiga en el ejercicio se define como una \u00abdisminuci\u00f3n de la capacidad para generar fuerza m\u00e1xima y\/o potencia m\u00e1xima, independientemente de que pueda ser mantenida o no la intensidad del esfuerzo\u00bb.<\/strong> (3, 4)<\/p>\n\n\n\n<p class=\"has-black-color has-text-color\"><strong>Las contracciones voluntarias dependen de una cadena de procesos que se originan en el sistema nervioso central (SNC) y finalizan en las fibras musculares<\/strong>. La fatiga se ocasiona de la alteraci\u00f3n de cualquiera de estos procesos. Adem\u00e1s, se puede dar la alteraci\u00f3n simult\u00e1nea de dos o m\u00e1s de estos mecanismos. No obstante, se ha clasificado la fatiga en fatiga central y fatiga perif\u00e9rica. <\/p>\n\n\n\n<figure class=\"wp-block-image size-large\"><img fetchpriority=\"high\" decoding=\"async\" width=\"601\" height=\"393\" src=\"http:\/\/corporalkinesis.com.ar\/wp-content\/uploads\/2021\/05\/fatiga-1.jpg\" alt=\"\" class=\"wp-image-1977\" srcset=\"https:\/\/corporalkinesis.com.ar\/wp-content\/uploads\/2021\/05\/fatiga-1.jpg 601w, https:\/\/corporalkinesis.com.ar\/wp-content\/uploads\/2021\/05\/fatiga-1-300x196.jpg 300w\" sizes=\"(max-width: 601px) 100vw, 601px\" \/><figcaption>Imagen 1 &#8211;  Mecanismos que influyen o determinan la fatiga.<\/figcaption><\/figure>\n\n\n\n<h2 class=\"wp-block-heading\">Fatiga central y fatiga perif\u00e9rica <\/h2>\n\n\n\n<p class=\"has-black-color has-text-color\">Si est\u00e1 alterado alguno o varios de los procesos que intervienen desde que se elabora la orden motora a nivel cortical hasta que el est\u00edmulo llega al sarcolema se habla de fatiga central. Si la alteraci\u00f3n se produce por un conflicto en el funcionamiento del sarcolema o de cualquiera de los procesos que acontecen en el interior de las fibras musculares entonces la fatiga se clasifica como perif\u00e9rica.\u00a0<\/p>\n\n\n\n<p class=\"has-black-color has-text-color\">Es importante se\u00f1alar que, en determinadas condiciones, operan simult\u00e1neamente mecanismos centrales y perif\u00e9ricos. Asmussen (1979) defini\u00f3 la fatiga central como la <strong>situaci\u00f3n que se produce en el organismo cuando las unidades motoras no pueden ser ni reclutadas ni activadas a una intensidad m\u00e1xima<\/strong>. Por otro lado, Edwards y Gibson (1991) definieron la fatiga central como la disminuci\u00f3n de la fuerza o calor generado a partir de esfuerzos voluntarios respecto a la generada a partir de estimulaci\u00f3n el\u00e9ctrica. (5, 6, 7)<\/p>\n\n\n\n<p class=\"has-black-color has-text-color\">A su vez, estos autores distinguieron dos tipos de fatiga perif\u00e9rica:<strong> \u00abfatiga de alta frecuencia\u00bb y \u00abfatiga de baja frecuencia\u00bb. <\/strong>La fatiga de alta frecuencia es la p\u00e9rdida selectiva de fuerza a altas frecuencias de estimulaci\u00f3n el\u00e9ctrica, mientras que la fatiga de baja frecuencia la definieron como la p\u00e9rdida selectiva de fuerza a bajas frecuencias de estimulaci\u00f3n el\u00e9ctrica. Aunque la fatiga es definida a partir de la medida de variables objetivas (fuerza o potencia) la existencia de fatiga puede ser percibida por el sujeto.<\/p>\n\n\n\n<p class=\"has-black-color has-text-color\">Es decir, gracias a la informaci\u00f3n sensitiva que recibe el sistema nervioso y a la memoria sensitiva, el ser humano es capaz de elaborar un constructo mental que es la sensaci\u00f3n de fatiga. La sensaci\u00f3n de fatiga, por lo tanto, es una elaboraci\u00f3n mental consciente que resulta de combinaci\u00f3n de m\u00faltiples factores neurofisiol\u00f3gicos y neuropsicol\u00f3gicos.<\/p>\n\n\n\n<h2 class=\"wp-block-heading\">Factores que influyen en la fatiga <\/h2>\n\n\n\n<p class=\"has-black-color has-text-color\">Esencialmente, la sensaci\u00f3n de fatiga depende de:<\/p>\n\n\n\n<p class=\"has-black-color has-text-color\"><strong>1. La expectativa de rendimiento (predicci\u00f3n basada en la memoria acerca de la fuerza o potencia muscular que se deber\u00eda ser capaz de desarrollar o soportar).<\/strong><\/p>\n\n\n\n<p class=\"has-black-color has-text-color\"><strong>2. De la informaci\u00f3n sensitiva proporcionada principalmente por los propioceptores, por las terminaciones nerviosas presentes en las fibras musculares y responsables de los denominados reflejo metab\u00f3lico (metaboreflejo) y reflejo qu\u00edmico muscular (quimioreflejo); por los termorreceptores, nociceptores y receptores de presi\u00f3n.<\/strong><\/p>\n\n\n\n<p class=\"has-black-color has-text-color\"><strong>3. De factores psicol\u00f3gicos, como el grado de activaci\u00f3n o arousal, la motivaci\u00f3n, la atenci\u00f3n, estado an\u00edmico y de elaboraciones mentales complejas relacionadas con el miedo, el placer o la recompensa.<\/strong><\/p>\n\n\n\n<p class=\"has-black-color has-text-color\">Por lo tanto, los cambios fisiol\u00f3gicos que se producen durante el ejercicio pueden contribuir a la fatiga por m\u00faltiples mecanismos que pueden generar tanto fatiga central como fatiga perif\u00e9rica. <strong>Una misma situaci\u00f3n metab\u00f3lica puede originar distintos niveles de fatiga debido a que la fatiga depende de numerosos factores<\/strong>. Asimismo, un mismo nivel de fatiga objetivo (o sea un mismo nivel de p\u00e9rdida de fuerza o potencia muscular) puede originar sensaciones de fatiga diferentes, aunque en general existe una buena relaci\u00f3n entre la fatiga medida mediante variables objetivas (p\u00e9rdida de fuerza o potencia) y la sensaci\u00f3n de fatiga. <\/p>\n\n\n\n<figure class=\"wp-block-image size-large\"><img decoding=\"async\" width=\"618\" height=\"441\" src=\"http:\/\/corporalkinesis.com.ar\/wp-content\/uploads\/2021\/05\/fatiga-2.jpg\" alt=\"\" class=\"wp-image-1975\" srcset=\"https:\/\/corporalkinesis.com.ar\/wp-content\/uploads\/2021\/05\/fatiga-2.jpg 618w, https:\/\/corporalkinesis.com.ar\/wp-content\/uploads\/2021\/05\/fatiga-2-300x214.jpg 300w, https:\/\/corporalkinesis.com.ar\/wp-content\/uploads\/2021\/05\/fatiga-2-600x428.jpg 600w\" sizes=\"(max-width: 618px) 100vw, 618px\" \/><figcaption>Imagen 2 &#8211; Factores que pueden predeterminar una fatiga tanto central como perif\u00e9rica. S\u00edguenos en Instagram (<a href=\"https:\/\/www.instagram.com\/p\/CPjn9mSBd_F\/?utm_source=ig_web_copy_link\">Nuestro post en Instagram<\/a>)<\/figcaption><\/figure>\n\n\n\n<h2 class=\"wp-block-heading\">Conclusiones sobre fatiga muscular y ejercicio<\/h2>\n\n\n\n<p class=\"has-black-color has-text-color\">Al ser la sensaci\u00f3n de fatiga una elaboraci\u00f3n mental no puede ser medida de forma solo objetiva, ya que, es posible obtener informaci\u00f3n subjetiva acerca de c\u00f3mo cada sujeto percibe la fatiga en un momento dado, de la misma manera que no es posible medir de forma objetiva la cantidad de dolor que sufre un sujeto.<\/p>\n\n\n\n<p class=\"has-black-color has-text-color\"><strong>Para medir la sensaci\u00f3n de fatiga en el entrenamiento de fuerza se ha utilizado principalmente la escala de valoraci\u00f3n del esfuerzo percibido de Robertson (RPE, percepci\u00f3n subjetiva del esfuerzo o \u00abrating perceived exertion\u00bb en ingl\u00e9s). <\/strong>De hecho tenemos un articulo de nuestra autor\u00eda publicado en la prestigiosa revista espa\u00f1ola mundo entrenamiento donde hablamos de la aplicaci\u00f3n de esta escala de valoraci\u00f3n subjetiva del esfuerzo. (<a href=\"https:\/\/mundoentrenamiento.com\/escala-subjetiva-de-valoracion-del-esfuerzo-percibido\/\">enlace<\/a>)<\/p>\n\n\n\n<figure class=\"wp-block-image size-large\"><img decoding=\"async\" width=\"696\" height=\"366\" src=\"http:\/\/corporalkinesis.com.ar\/wp-content\/uploads\/2021\/05\/escala-de-valoracion-subjetiva.jpg\" alt=\"Escala de valoraci\u00f3n subjetiva del esfuerzo. La importancia de la auto-regulaci\u00f3n del esfuerzo percibido.\" class=\"wp-image-1978\" srcset=\"https:\/\/corporalkinesis.com.ar\/wp-content\/uploads\/2021\/05\/escala-de-valoracion-subjetiva.jpg 696w, https:\/\/corporalkinesis.com.ar\/wp-content\/uploads\/2021\/05\/escala-de-valoracion-subjetiva-300x158.jpg 300w, https:\/\/corporalkinesis.com.ar\/wp-content\/uploads\/2021\/05\/escala-de-valoracion-subjetiva-600x316.jpg 600w\" sizes=\"(max-width: 696px) 100vw, 696px\" \/><figcaption>Imagen 3 &#8211; Escala de valoraci\u00f3n subjetiva del esfuerzo. La importancia de la auto-regulaci\u00f3n del esfuerzo percibido.<\/figcaption><\/figure>\n\n\n\n<p class=\"has-black-color has-text-color\">Esencialmente es preguntar al sujeto c\u00f3mo percibe el esfuerzo. Para facilitar la respuesta se le presenta al sujeto durante el esfuerzo una escala visual con posibles respuestas que van desde la percepci\u00f3n del esfuerzo muy f\u00e1cil con total ausencia de fatiga (5, 6 o 7 puntos), hasta la percepci\u00f3n del esfuerzo como muy duro con sensaci\u00f3n de extenuaci\u00f3n (8, 9 o 10 puntos).<\/p>\n\n\n\n<h2 class=\"wp-block-heading\">Referencias Bibliogr\u00e1ficas <\/h2>\n\n\n\n<ol class=\"has-vivid-cyan-blue-color has-text-color wp-block-list\"><li>Gandevia, S. C. (2001) Spinal and supraspinal factors in human muscle fatigue. Physiol Rev, 81:1725-1789.<\/li><li>Garc\u00eda, M. C., Gonz\u00e1lez-Serratos, H., Morgan, J. P., Perreault, C. L., Rozycka, M. (1991) Differential activation of myofibrils during fatigue in phasic skeletal muscle cells. J Muscle Res Cell Motil,12:412-424.<\/li><li>Van Deursen, J., Heerschap, A., Oerlemans, F., Ruitenbeek, W., Jap, P., ter Laak, H., Wieringa, B. (1993) Skeletal muscles of mice deficient in muscle creatine kinase lack burst activity. Cell. 74:621-631.<\/li><li>Van Hall, G., Raaymakers, J. S., Saris, W. H., Wagenmakers, A. J. (1995) Ingestion of branched chain amino acids and tryptophan during sustained exercise in man: failure to affect performance. J Physiol, 486 (Pt 3):789-794.<\/li><li>Asmussen E. Muscle fatigue. Med Sci Sports, 1979; 11:313-321.<\/li><li>Bailey, S. P., Davis, J. M., Ahlborn, E. N. (1993) Neuroendocrine and substrate responses to altered brain 5-HT activity during prolonged exercise to fatigue. J Appl Physiol.74:3006-3012.<\/li><li>Edwards, RHT, Gibson, H. (1991) Perspectives in the study of normal and pathological skeletal muscle. En: Atlan G, Beliveau L, Bouissou, P. (eds.). Muscle Fatigue: Biochemical and Physiological Aspects. Paris: Masson. 3-15.<\/li><\/ol>\n","protected":false},"excerpt":{"rendered":"<p>La fatiga se puede definir como la disminuci\u00f3n de la capacidad de esfuerzo o rendimiento, estresada en capacidad de trabajo. Por otro lado, con respecto al ejercicio, se puede definir como la disminuci\u00f3n de la capacidad para producir fuerza muscular m\u00e1xima. Sin embargo, hay que tener en cuenta que la fatiga se va instaurando de forma progresiva desde pr\u00e1cticamente el inicio del esfuerzo. En el siguiente articulo, hablaremos en detalle sobre el concepto de fatiga y sus consideraciones. <\/p>\n","protected":false},"author":2,"featured_media":1480,"comment_status":"open","ping_status":"open","sticky":false,"template":"","format":"standard","meta":{"site-sidebar-layout":"default","site-content-layout":"default","ast-site-content-layout":"default","site-content-style":"default","site-sidebar-style":"default","ast-global-header-display":"","ast-banner-title-visibility":"","ast-main-header-display":"","ast-hfb-above-header-display":"","ast-hfb-below-header-display":"","ast-hfb-mobile-header-display":"","site-post-title":"","ast-breadcrumbs-content":"","ast-featured-img":"","footer-sml-layout":"","theme-transparent-header-meta":"default","adv-header-id-meta":"","stick-header-meta":"","header-above-stick-meta":"","header-main-stick-meta":"","header-below-stick-meta":"","astra-migrate-meta-layouts":"default","ast-page-background-enabled":"default","ast-page-background-meta":{"desktop":{"background-color":"var(--ast-global-color-4)","background-image":"","background-repeat":"repeat","background-position":"center center","background-size":"auto","background-attachment":"scroll","background-type":"","background-media":"","overlay-type":"","overlay-color":"","overlay-opacity":"","overlay-gradient":""},"tablet":{"background-color":"","background-image":"","background-repeat":"repeat","background-position":"center center","background-size":"auto","background-attachment":"scroll","background-type":"","background-media":"","overlay-type":"","overlay-color":"","overlay-opacity":"","overlay-gradient":""},"mobile":{"background-color":"","background-image":"","background-repeat":"repeat","background-position":"center center","background-size":"auto","background-attachment":"scroll","background-type":"","background-media":"","overlay-type":"","overlay-color":"","overlay-opacity":"","overlay-gradient":""}},"ast-content-background-meta":{"desktop":{"background-color":"var(--ast-global-color-5)","background-image":"","background-repeat":"repeat","background-position":"center center","background-size":"auto","background-attachment":"scroll","background-type":"","background-media":"","overlay-type":"","overlay-color":"","overlay-opacity":"","overlay-gradient":""},"tablet":{"background-color":"var(--ast-global-color-5)","background-image":"","background-repeat":"repeat","background-position":"center center","background-size":"auto","background-attachment":"scroll","background-type":"","background-media":"","overlay-type":"","overlay-color":"","overlay-opacity":"","overlay-gradient":""},"mobile":{"background-color":"var(--ast-global-color-5)","background-image":"","background-repeat":"repeat","background-position":"center center","background-size":"auto","background-attachment":"scroll","background-type":"","background-media":"","overlay-type":"","overlay-color":"","overlay-opacity":"","overlay-gradient":""}},"footnotes":""},"categories":[33],"tags":[78,68],"class_list":["post-1974","post","type-post","status-publish","format-standard","has-post-thumbnail","hentry","category-fisiologia-del-ejercicio","tag-fatiga","tag-musculo"],"_links":{"self":[{"href":"https:\/\/corporalkinesis.com.ar\/index.php\/wp-json\/wp\/v2\/posts\/1974","targetHints":{"allow":["GET"]}}],"collection":[{"href":"https:\/\/corporalkinesis.com.ar\/index.php\/wp-json\/wp\/v2\/posts"}],"about":[{"href":"https:\/\/corporalkinesis.com.ar\/index.php\/wp-json\/wp\/v2\/types\/post"}],"author":[{"embeddable":true,"href":"https:\/\/corporalkinesis.com.ar\/index.php\/wp-json\/wp\/v2\/users\/2"}],"replies":[{"embeddable":true,"href":"https:\/\/corporalkinesis.com.ar\/index.php\/wp-json\/wp\/v2\/comments?post=1974"}],"version-history":[{"count":1,"href":"https:\/\/corporalkinesis.com.ar\/index.php\/wp-json\/wp\/v2\/posts\/1974\/revisions"}],"predecessor-version":[{"id":1979,"href":"https:\/\/corporalkinesis.com.ar\/index.php\/wp-json\/wp\/v2\/posts\/1974\/revisions\/1979"}],"wp:featuredmedia":[{"embeddable":true,"href":"https:\/\/corporalkinesis.com.ar\/index.php\/wp-json\/wp\/v2\/media\/1480"}],"wp:attachment":[{"href":"https:\/\/corporalkinesis.com.ar\/index.php\/wp-json\/wp\/v2\/media?parent=1974"}],"wp:term":[{"taxonomy":"category","embeddable":true,"href":"https:\/\/corporalkinesis.com.ar\/index.php\/wp-json\/wp\/v2\/categories?post=1974"},{"taxonomy":"post_tag","embeddable":true,"href":"https:\/\/corporalkinesis.com.ar\/index.php\/wp-json\/wp\/v2\/tags?post=1974"}],"curies":[{"name":"wp","href":"https:\/\/api.w.org\/{rel}","templated":true}]}}